[{"@context":"https:\/\/schema.org\/","@type":"Article","@id":"https:\/\/www.mylifestyle.cz\/kousek-historie\/#Article","mainEntityOfPage":"https:\/\/www.mylifestyle.cz\/kousek-historie\/","headline":"Kousek historie","name":"Kousek historie","description":"V&nbsp;Litomy\u0161li rozhodn\u011b nesm\u00edte p\u0159i sv\u00e9 n\u00e1v\u0161t\u011bv\u011b vynechat n\u00e1dhern\u00fd z\u00e1mek, kter\u00fd je vz\u00e1cnou uk\u00e1zkou italsk\u00e9 renesance, kter\u00e1 se hned tak nevid\u00ed. Jeho kr\u00e1sa se vyp\u00edn\u00e1 na z\u00e1meck\u00e9m n\u00e1vr\u0161\u00ed a skute\u010dn\u011b se jedn\u00e1 o jednu z&nbsp;nejkr\u00e1sn\u011bj\u0161\u00edch renesan\u010dn\u00edch staveb v&nbsp;Evrop\u011b. Nen\u00ed ani divu, \u017ee cel\u00fd are\u00e1l je zaps\u00e1n na seznamu UNESCO. Prvn\u00ed pohledy se up\u0159ou na sgrafitovou v\u00fdzdobu. [&hellip;]","datePublished":"2021-04-26","dateModified":"2023-04-28","author":{"@type":"Person","@id":"https:\/\/www.mylifestyle.cz\/author\/devene\/#Person","name":"devene","url":"https:\/\/www.mylifestyle.cz\/author\/devene\/","identifier":2,"image":{"@type":"ImageObject","@id":"https:\/\/secure.gravatar.com\/avatar\/f17e51fc588a8d58b22312b5abcc2141?s=96&d=mm&r=g","url":"https:\/\/secure.gravatar.com\/avatar\/f17e51fc588a8d58b22312b5abcc2141?s=96&d=mm&r=g","height":96,"width":96}},"publisher":{"@type":"Organization","name":"mylifestyle.cz","logo":{"@type":"ImageObject","@id":"\/logo.png","url":"\/logo.png","width":600,"height":60}},"url":"https:\/\/www.mylifestyle.cz\/kousek-historie\/","about":["Cestov\u00e1n\u00ed"],"wordCount":456,"articleBody":"V&nbsp;Litomy\u0161li rozhodn\u011b nesm\u00edte p\u0159i sv\u00e9 n\u00e1v\u0161t\u011bv\u011b vynechat n\u00e1dhern\u00fd z\u00e1mek, kter\u00fd je vz\u00e1cnou uk\u00e1zkou italsk\u00e9 renesance, kter\u00e1 se hned tak nevid\u00ed. Jeho kr\u00e1sa se vyp\u00edn\u00e1 na z\u00e1meck\u00e9m n\u00e1vr\u0161\u00ed a skute\u010dn\u011b se jedn\u00e1 o jednu z&nbsp;nejkr\u00e1sn\u011bj\u0161\u00edch renesan\u010dn\u00edch staveb v&nbsp;Evrop\u011b. Nen\u00ed ani divu, \u017ee cel\u00fd are\u00e1l je zaps\u00e1n na seznamu UNESCO. Prvn\u00ed pohledy se up\u0159ou na sgrafitovou v\u00fdzdobu. A stejn\u011b tak budete obdivovat kr\u00e1sy zevnit\u0159. Velmi vz\u00e1cn\u00e9 divad\u00e9lko se zachoval\u00fdmi kulisami, reprezenta\u010dn\u00edmi s\u00e1ly, hostinsk\u00e9 pokoje a nechyb\u00ed ani n\u00e1dhern\u00e1 kaple.&nbsp;\tNejv\u011bt\u0161\u00ed sb\u00edrka sochV&nbsp;z\u00e1meck\u00e9m podsklepen\u00ed v\u00e1s ji\u017e p\u0159iv\u00edt\u00e1 sou\u010dasnost. Je zde nejv\u011bt\u0161\u00ed sb\u00edrka soch Olbrama Zoubka. A jak se toto jm\u00e9no dostalo a\u017e do podsklepen\u00ed? Jednoduch\u00e9, na z\u00e1mku str\u00e1vil 17 let sv\u00e9ho \u017eivota, byl toti\u017e prvn\u00edm z&nbsp;um\u011blc\u016f, kte\u0159\u00ed pom\u00e1hali p\u0159i restaurov\u00e1n\u00ed sgrafit. Jeho sochy m\u016f\u017eete rovn\u011b\u017e obdivovat v&nbsp;kl\u00e1\u0161tern\u00edch zahrad\u00e1ch vedle piaristick\u00e9ho kl\u00e1\u0161tera. Sou\u010d\u00e1st\u00ed je k&nbsp;vid\u011bn\u00ed expozice Srdce pro V\u00e1clava Havla. Ta je vytvo\u0159en\u00e1 snad z&nbsp;tis\u00edc\u016f sv\u00ed\u010dek, kter\u00e9 lidi zap\u00e1lili.\tSlavn\u00e9 osobnostiLitomy\u0161l je spojen\u00e1 s&nbsp;narozen\u00edm Bed\u0159icha Smetany, ale nen\u00ed to jedin\u00fd um\u011blec nebo zn\u00e1m\u00e1 osobnost. Nicm\u00e9n\u011b v&nbsp;sou\u010dasn\u00e9 dob\u011b je sou\u010d\u00e1st\u00ed z\u00e1mku Pivovar, kde se pr\u00e1v\u011b narodil. Ten pro\u0161el rekonstrukc\u00ed a nyn\u00ed si lze v&nbsp;p\u0159\u00edzem\u00ed prohl\u00e9dnout byt, kde rodina Smetanova bydlela. Je zde k&nbsp;vid\u011bn\u00ed n\u00e1bytek i mnoho v\u011bc\u00ed, kter\u00e9 um\u011blec vlastnil. Dal\u0161\u00ed zn\u00e1mou osobnost\u00ed je Magdalena Dobromila Rettigov\u00e1, zn\u00e1m\u00e1 psan\u00edm kucha\u0159ek. Ta p\u0159edn\u00e1\u0161ela na d\u00edv\u010d\u00ed \u0161kole a gymn\u00e1ziu. Na jej\u00ed p\u016fsoben\u00ed se rovn\u011b\u017e nezapomn\u011blo a mnoho jej\u00edch v\u011bc\u00ed je op\u011bt k&nbsp;vid\u011bn\u00ed v&nbsp;muzeu. Nav\u00edc se zde ka\u017edoro\u010dn\u011b po\u0159\u00e1d\u00e1 kulin\u00e1\u0159sk\u00fd festival, kter\u00fd trv\u00e1 cel\u00fd t\u00fdden, a zapojuj\u00ed se do n\u011bho m\u00edstn\u00ed restaurace. Je doprov\u00e1zen i sout\u011b\u017eemi \u0161pi\u010dkov\u00fdch \u0161\u00e9fkucha\u0159\u016f, u\u010d\u0148\u016f a nechyb\u00ed ani spr\u00e1vn\u00e1 degustace.D\u00e1le Litomy\u0161l p\u0159ekvap\u00ed i dal\u0161\u00edmi osobnostmi, kter\u00e9 jsou \u00fazce spojeny s&nbsp;histori\u00ed na\u0161eho n\u00e1roda a rozhodn\u011b se vyplat\u00ed si na tato m\u00edsta napl\u00e1novat v\u00fdlet.                                                                                                                                                                                                                                                                                                                                                                                                                                                Jak bude reklama vypadat? -           Kup si reklamu pod t\u00edmto \u010dl\u00e1nkem jen za 50 K\u010d      Zobrazit formul\u00e1\u0159 pro n\u00e1kup                      Odkaz:                     N\u00e1zev:                     Popisek:                    Follow Nofollow                                                     "},{"@context":"https:\/\/schema.org\/","@type":"BreadcrumbList","itemListElement":[{"@type":"ListItem","position":1,"name":"Kousek historie","item":"https:\/\/www.mylifestyle.cz\/kousek-historie\/#breadcrumbitem"}]}]