[{"@context":"https:\/\/schema.org\/","@type":"Article","@id":"https:\/\/www.mylifestyle.cz\/ne-kazdy-ma-palac\/#Article","mainEntityOfPage":"https:\/\/www.mylifestyle.cz\/ne-kazdy-ma-palac\/","headline":"Ne ka\u017ed\u00fd m\u00e1 pal\u00e1c","name":"Ne ka\u017ed\u00fd m\u00e1 pal\u00e1c","description":"Ka\u017ed\u00fd norm\u00e1ln\u00ed \u010dlov\u011bk n\u011bkde bydl\u00ed. Tedy m\u00e1 n\u011bjak\u00e9 to m\u00edsto, kde je doma, kde m\u00e1 sv\u016fj majetek a t\u0159eba i n\u011bjak\u00e9 ty osoby sob\u011b bl\u00edzk\u00e9. Mus\u00ed tomu tak b\u00fdt, a to z mnoha d\u016fvod\u016f, je\u017e v\u0161ichni zn\u00e1me, je\u017e si ale nejednou ani nep\u0159ipou\u0161t\u00edme, dokud m\u00e1me kde hlavu slo\u017eit.&#13; V\u011bt\u0161ina z n\u00e1s tedy bydl\u00ed. N\u011bkdo m\u00e1 [&hellip;]","datePublished":"2020-11-01","dateModified":"2023-04-28","author":{"@type":"Person","@id":"https:\/\/www.mylifestyle.cz\/author\/devene\/#Person","name":"devene","url":"https:\/\/www.mylifestyle.cz\/author\/devene\/","identifier":2,"image":{"@type":"ImageObject","@id":"https:\/\/secure.gravatar.com\/avatar\/f17e51fc588a8d58b22312b5abcc2141?s=96&d=mm&r=g","url":"https:\/\/secure.gravatar.com\/avatar\/f17e51fc588a8d58b22312b5abcc2141?s=96&d=mm&r=g","height":96,"width":96}},"publisher":{"@type":"Organization","name":"mylifestyle.cz","logo":{"@type":"ImageObject","@id":"\/logo.png","url":"\/logo.png","width":600,"height":60}},"url":"https:\/\/www.mylifestyle.cz\/ne-kazdy-ma-palac\/","about":["Bydlen\u00ed"],"wordCount":512,"articleBody":"Ka\u017ed\u00fd norm\u00e1ln\u00ed \u010dlov\u011bk n\u011bkde bydl\u00ed. Tedy m\u00e1 n\u011bjak\u00e9 to m\u00edsto, kde je doma, kde m\u00e1 sv\u016fj majetek a t\u0159eba i n\u011bjak\u00e9 ty osoby sob\u011b bl\u00edzk\u00e9. Mus\u00ed tomu tak b\u00fdt, a to z mnoha d\u016fvod\u016f, je\u017e v\u0161ichni zn\u00e1me, je\u017e si ale nejednou ani nep\u0159ipou\u0161t\u00edme, dokud m\u00e1me kde hlavu slo\u017eit.&#13; V\u011bt\u0161ina z n\u00e1s tedy bydl\u00ed. N\u011bkdo m\u00e1 sv\u016fj d\u016fm, n\u011bkdo alespo\u0148 byt, n\u011bkomu pak mus\u00ed sta\u010dit k bydlen\u00ed t\u0159eba i jenom podn\u00e1jem, ubytovna, chata, mobilheim a podobn\u011b. A ti nejv\u011bt\u0161\u00ed ze smola\u0159\u016f \u010di asoci\u00e1ln\u00edch jedinc\u016f pak bydl\u00ed n\u011bkde pod mostem, v kontejnerech \u010di p\u0159\u00edmo na ulici.&#13; &#13; &#13; &#13; O tom, jak kdo bydl\u00ed, rozhoduj\u00ed obvykle pen\u00edze. Ten, kdo jich m\u00e1 minimum, si pochopiteln\u011b jenom t\u011b\u017eko n\u011bco sh\u00e1n\u00ed a mus\u00ed vz\u00edt \u010dasto zavd\u011bk \u010d\u00edmkoliv, co je lacin\u00e9, i za cenu toho, \u017ee nejde o nic sv\u011btoborn\u00e9ho, ale sp\u00ed\u0161e o n\u011bjakou tu nevyhovuj\u00edc\u00ed prostoru v n\u011bjak\u00e9 ruin\u011b, zat\u00edmco ti bohat\u00ed si mohou koupit nebo nechat postavit klidn\u011b i u\u010din\u011bn\u00fd kr\u00e1lovsk\u00fd pal\u00e1c. A proto\u017ee v\u011bt\u0161ina z n\u00e1s nen\u00ed ani bohat\u00e1, ani zcela chud\u00e1, bydl\u00edme v\u011bt\u0161inou v bytech \u010di rodinn\u00fdch domc\u00edch ur\u010den\u00fdch pr\u00e1v\u011b pro st\u0159edn\u00ed t\u0159\u00eddu.&#13; Ov\u0161em i na pal\u00e1c, i na uboh\u00fd kamrl\u00edk, i na n\u011bco mezi t\u00edm si dnes mus\u00ed \u010dlov\u011bk vyd\u011blat. \u017d\u00e1dn\u00e1 nemovitost \u2013 snad jen vyjma t\u00e9 zd\u011bd\u011bn\u00e9 \u2013 nespadne nikomu sama do kl\u00edna. A proto\u017ee se pohybuj\u00ed ceny nemovitost\u00ed hodn\u011b vysoko, proto\u017ee jde nejednou i o astronomick\u00e9 \u010d\u00e1stky, mus\u00edme si na to \u010dasto i p\u016fj\u010dovat. A proto\u017ee finan\u010dn\u00ed instituce p\u016fj\u010duj\u00ed, zpravidla ve form\u011b hypot\u00e9k, je o nemovitosti z\u00e1jem a tyto zdra\u017euj\u00ed a zdra\u017euj\u00ed. A dost\u00e1vaj\u00ed t\u00edm do sv\u00edzeln\u00e9 situace dal\u0161\u00ed lidi, kte\u0159\u00ed bydlen\u00ed teprve hledaj\u00ed.&#13; &#13; &#13; &#13; A tak se u n\u00e1s obvykle bydl\u00ed. Ov\u0161em mnoz\u00ed z t\u011bch, kdo maj\u00ed svou st\u0159echu nad hlavou, tuto teprve spl\u00e1cej\u00ed. Co\u017e se n\u011bkdy vle\u010de i dlouh\u00e1 desetilet\u00ed. A tito, stejn\u011b jako lid\u00e9 \u017eij\u00edc\u00ed v podn\u00e1jmech, tak nemaj\u00ed sv\u00e9 jist\u00e9, dokud takovou nemovitost koupenou dejme tomu na hypot\u00e9ku nesplat\u00ed. A kdy\u017e jim n\u011bco zkomplikuje \u017eivot, nejednou o u\u017e\u00edvanou nemovitost p\u0159ich\u00e1zej\u00ed. A n\u011bkdy mohou skon\u010dit i na ulici.&#13; Ale tak u\u017e to asi mus\u00ed b\u00fdt. Lid\u00e9 toti\u017e mus\u00ed n\u011bkde bydlet, aby mohli norm\u00e1ln\u011b \u017e\u00edt, ale tuto mo\u017enost nikdo darem nedostane. A proto by si m\u011bl \u010dlov\u011bk \u0161et\u0159it. Aby jednou neskon\u010dil jako bezdomovec. Proto\u017ee pod mostem to nen\u00ed nic moc bydlen\u00ed.&#13; &#13;                                                                                                                                                                                                                                                                                                                                                                                                                                                 Jak bude reklama vypadat? -           Kup si reklamu pod t\u00edmto \u010dl\u00e1nkem jen za 50 K\u010d      Zobrazit formul\u00e1\u0159 pro n\u00e1kup                      Odkaz:                     N\u00e1zev:                     Popisek:                    Follow Nofollow                                                     "},{"@context":"https:\/\/schema.org\/","@type":"BreadcrumbList","itemListElement":[{"@type":"ListItem","position":1,"name":"Ne ka\u017ed\u00fd m\u00e1 pal\u00e1c","item":"https:\/\/www.mylifestyle.cz\/ne-kazdy-ma-palac\/#breadcrumbitem"}]}]