[{"@context":"https:\/\/schema.org\/","@type":"Article","@id":"https:\/\/www.mylifestyle.cz\/pes-jako-modni-doplnek\/#Article","mainEntityOfPage":"https:\/\/www.mylifestyle.cz\/pes-jako-modni-doplnek\/","headline":"Pes jako m\u00f3dn\u00ed dopln\u011bk","name":"Pes jako m\u00f3dn\u00ed dopln\u011bk","description":"M\u00f3dn\u00edm trend\u016fm podl\u00e9h\u00e1 snad v\u0161e, co je spojen\u00e9 s&nbsp;\u010dlov\u011bkem. Je a\u017e tak trochu podivn\u00e9, \u017ee dokonce i zv\u00ed\u0159ata jsou t\u00e9matem pro m\u00f3dn\u00ed \u010dasopisy i soci\u00e1ln\u00ed s\u00edt\u011b. To se t\u00fdk\u00e1 zejm\u00e9na ps\u016f. Pokud bychom potkali n\u011bjakou &bdquo;celebritu&ldquo;, mohli bychom se j\u00ed bez rozpak\u016f zeptat nejen na to, jakou nos\u00ed zna\u010dku \u0161at\u016f, ale na to, jak\u00e9ho nos\u00ed [&hellip;]","datePublished":"2020-10-12","dateModified":"2023-04-28","author":{"@type":"Person","@id":"https:\/\/www.mylifestyle.cz\/author\/devene\/#Person","name":"devene","url":"https:\/\/www.mylifestyle.cz\/author\/devene\/","identifier":2,"image":{"@type":"ImageObject","@id":"https:\/\/secure.gravatar.com\/avatar\/f17e51fc588a8d58b22312b5abcc2141?s=96&d=mm&r=g","url":"https:\/\/secure.gravatar.com\/avatar\/f17e51fc588a8d58b22312b5abcc2141?s=96&d=mm&r=g","height":96,"width":96}},"publisher":{"@type":"Organization","name":"mylifestyle.cz","logo":{"@type":"ImageObject","@id":"\/logo.png","url":"\/logo.png","width":600,"height":60}},"image":{"@type":"ImageObject","@id":"https:\/\/mylifestyle.cz\/wp-content\/uploads\/img_a387424_w4464_t1601626430.jpg","url":"https:\/\/mylifestyle.cz\/wp-content\/uploads\/img_a387424_w4464_t1601626430.jpg","height":"","width":""},"url":"https:\/\/www.mylifestyle.cz\/pes-jako-modni-doplnek\/","about":["M\u00f3da"],"wordCount":449,"articleBody":"M\u00f3dn\u00edm trend\u016fm podl\u00e9h\u00e1 snad v\u0161e, co je spojen\u00e9 s&nbsp;\u010dlov\u011bkem. Je a\u017e tak trochu podivn\u00e9, \u017ee dokonce i zv\u00ed\u0159ata jsou t\u00e9matem pro m\u00f3dn\u00ed \u010dasopisy i soci\u00e1ln\u00ed s\u00edt\u011b. To se t\u00fdk\u00e1 zejm\u00e9na ps\u016f. Pokud bychom potkali n\u011bjakou &bdquo;celebritu&ldquo;, mohli bychom se j\u00ed bez rozpak\u016f zeptat nejen na to, jakou nos\u00ed zna\u010dku \u0161at\u016f, ale na to, jak\u00e9ho nos\u00ed pejska.\t\tToto chov\u00e1n\u00ed ale nen\u00ed ani zdaleka v\u00fddobytkem dne\u0161n\u00edho sv\u011bta.\t\tJestli\u017ee bychom nav\u0161t\u00edvili n\u011bkter\u00fd \u0161lechtick\u00e9 obydl\u00ed nap\u0159\u00edklad v&nbsp;osmn\u00e1ct\u00e9m stolet\u00ed, pak bychom t\u00e9m\u011b\u0159 v\u0161ude spat\u0159ili afg\u00e1nsk\u00e9ho chrta. \t\t\t\tTen byl toti\u017e pro majitele znamen\u00edm vysok\u00e9ho spole\u010densk\u00e9ho postaven\u00ed.\t\t\t\tO tom sv\u011bd\u010d\u00ed tak\u00e9 fakt, \u017ee je \u010dasto zobrazov\u00e1n se sv\u00fdm p\u00e1nem i na dobov\u00fdch obrazech.Na dobovou m\u00f3du m\u00e1lem doplatilo jedno ps\u00ed plemeno, kter\u00fdm je porcelaine. Tento pes nebyl jen m\u00f3dn\u00edm dopl\u0148kem. Byl chov\u00e1n pro \u00fa\u010dely hon\u016f. V&nbsp;dob\u011b velk\u00e9 francouzsk\u00e9 revoluce se ale nen\u00e1vist v\u016f\u010di \u0161lecht\u011b obr\u00e1tila i proti n\u011bmu. Prost\u00fd lid m\u00e1lem toto plemeno vyhubil. Na\u0161t\u011bst\u00ed bylo n\u011bkolik jedinc\u016f zachr\u00e1n\u011bno v&nbsp;kl\u00e1\u0161terech nebo za hranicemi Francie. N\u00e1sledky si ale nese porcelaine dodnes. Vzhledem k&nbsp;tomu, \u017ee byl opravdu na pokraji vyhynut\u00ed, je tento u\u0161lechtil\u00fd pes t\u00e9m\u011b\u0159 nezn\u00e1m\u00fd.\tN\u011bkte\u0159\u00ed psi maj\u00ed svou rezidenci Dnes je trochu jin\u00e1 doba, a tak se m\u011bn\u00ed i m\u00f3da ohledn\u011b chovu ps\u016f. Pokud si majitel (\u010di sp\u00ed\u0161e majitelka) po\u0159\u00edd\u00ed psa pouze jako m\u00f3dn\u00ed dopln\u011bk sv\u00e9 garderoby, v\u011bt\u0161inou s\u00e1hne po mal\u00e9m plemenu. Je to logick\u00e9. Zm\u00edn\u011bn\u00fd afg\u00e1nsk\u00fd chrt by se z\u0159ejm\u011b docela pronesl. Dokonalou uk\u00e1zkou takov\u00e9ho chov\u00e1n\u00ed je sv\u011btozn\u00e1m\u00e1 &bdquo;celebrita&ldquo; Paris Hilton, kter\u00e1 je zn\u00e1m\u00e1 svou &bdquo;l\u00e1skou&ldquo; k&nbsp;\u010divav\u00e1m.\t\tOt\u00e1zkou je, zda jsou jej\u00ed tolik rozmazlovan\u00ed ps\u00ed\u010dci opravdu ve sv\u00e9m sv\u011bt\u011b \u0161\u0165astn\u00ed.\t\tA to i p\u0159esto, \u017ee maj\u00ed svou vlastn\u00ed rezidenci, mohou se kdykoliv d\u00edvat na kreslen\u00e9 poh\u00e1dky a ka\u017ed\u00fd den si obl\u00e9knout jin\u00fd model.\t\t\t\tMo\u017en\u00e1 by bylo zaj\u00edmav\u00e9, pokud bychom se mohli zeptat n\u011bjak\u00e9ho &bdquo;vo\u0159\u00ed\u0161ka&ldquo; z&nbsp;Horn\u00ed Doln\u00ed, jestli by s&nbsp;takov\u00fdm psem m\u011bnil.                                                                                                                                                                                                                                                                                                                                                                                                                                                Jak bude reklama vypadat? -           Kup si reklamu pod t\u00edmto \u010dl\u00e1nkem jen za 50 K\u010d      Zobrazit formul\u00e1\u0159 pro n\u00e1kup                      Odkaz:                     N\u00e1zev:                     Popisek:                    Follow Nofollow                                                     "},{"@context":"https:\/\/schema.org\/","@type":"BreadcrumbList","itemListElement":[{"@type":"ListItem","position":1,"name":"Pes jako m\u00f3dn\u00ed dopln\u011bk","item":"https:\/\/www.mylifestyle.cz\/pes-jako-modni-doplnek\/#breadcrumbitem"}]}]