[{"@context":"https:\/\/schema.org\/","@type":"Article","@id":"https:\/\/www.mylifestyle.cz\/trebonsko-podmaniva-krasa-chranene-krajinne-oblasti\/#Article","mainEntityOfPage":"https:\/\/www.mylifestyle.cz\/trebonsko-podmaniva-krasa-chranene-krajinne-oblasti\/","headline":"T\u0159ebo\u0148sko \u2013 podmaniv\u00e1 kr\u00e1sa chr\u00e1n\u011bn\u00e9 krajinn\u00e9 oblasti","name":"T\u0159ebo\u0148sko \u2013 podmaniv\u00e1 kr\u00e1sa chr\u00e1n\u011bn\u00e9 krajinn\u00e9 oblasti","description":"Vycestovat za hranice v\u0161edn\u00edch dn\u016f m\u016f\u017eete i za humna. Nev\u011b\u0159\u00edte? Vydejte se spolu s n\u00e1mi do oblasti, kde se doslova koncentroval renesan\u010dn\u00ed rozkv\u011bt na\u0161\u00ed vlasti v obdob\u00ed, kter\u00e9 otev\u00edralo br\u00e1ny pozn\u00e1n\u00ed mnoha v\u011bdn\u00edch obor\u016f, a kdy se ve st\u0159edn\u00ed Evrop\u011b objevil nejv\u011bt\u0161\u00ed po\u010det pam\u00e1tek, na jejich\u017e z\u00e1kladech se budovala sl\u00e1va kulturn\u00edho bohatstv\u00ed na\u0161\u00ed zem\u011b. &#13; [&hellip;]","datePublished":"2020-10-06","dateModified":"2023-04-28","author":{"@type":"Person","@id":"https:\/\/www.mylifestyle.cz\/author\/devene\/#Person","name":"devene","url":"https:\/\/www.mylifestyle.cz\/author\/devene\/","identifier":2,"image":{"@type":"ImageObject","@id":"https:\/\/secure.gravatar.com\/avatar\/f17e51fc588a8d58b22312b5abcc2141?s=96&d=mm&r=g","url":"https:\/\/secure.gravatar.com\/avatar\/f17e51fc588a8d58b22312b5abcc2141?s=96&d=mm&r=g","height":96,"width":96}},"publisher":{"@type":"Organization","name":"mylifestyle.cz","logo":{"@type":"ImageObject","@id":"\/logo.png","url":"\/logo.png","width":600,"height":60}},"url":"https:\/\/www.mylifestyle.cz\/trebonsko-podmaniva-krasa-chranene-krajinne-oblasti\/","about":["Cestov\u00e1n\u00ed"],"wordCount":502,"articleBody":"Vycestovat za hranice v\u0161edn\u00edch dn\u016f m\u016f\u017eete i za humna. Nev\u011b\u0159\u00edte? Vydejte se spolu s n\u00e1mi do oblasti, kde se doslova koncentroval renesan\u010dn\u00ed rozkv\u011bt na\u0161\u00ed vlasti v obdob\u00ed, kter\u00e9 otev\u00edralo br\u00e1ny pozn\u00e1n\u00ed mnoha v\u011bdn\u00edch obor\u016f, a kdy se ve st\u0159edn\u00ed Evrop\u011b objevil nejv\u011bt\u0161\u00ed po\u010det pam\u00e1tek, na jejich\u017e z\u00e1kladech se budovala sl\u00e1va kulturn\u00edho bohatstv\u00ed na\u0161\u00ed zem\u011b.&#13; Po stop\u00e1ch Ro\u017emberk\u016f&#13; Renesan\u010dn\u00ed klenot, s\u00eddlo Ro\u017emberk\u016f a nejv\u011bt\u0161\u00ed rybn\u00edk\u00e1\u0159sk\u00e1 oblast na sv\u011bt\u011b \u2013 takto by se dalo stru\u010dn\u011b shrnout n\u011bkolik stovek \u010dtvere\u010dn\u00edch kilometr\u016f \u0159ek a \u0159\u00ed\u010dek, rybn\u00edk\u016f, um\u011bl\u00fdch stok, luk, sm\u00ed\u0161en\u00fdch les\u016f a dubov\u00fdch stromo\u0159ad\u00ed. S t\u00edm v\u0161\u00edm se tu na T\u0159ebo\u0148sku setk\u00e1te doslova na ka\u017ed\u00e9m kroku, budete uchv\u00e1ceni z malebnosti tamn\u00ed krajiny, zvl\u00e1\u0161t\u011b pak za slune\u010dn\u00e9ho po\u010das\u00ed.L\u00e1zn\u011b Aurora a rybn\u00edk Sv\u011bt \u2013 sv\u00e9 putov\u00e1n\u00ed byste mohli zah\u00e1jit v rozs\u00e1hl\u00e9m are\u00e1lu l\u00e1ze\u0148sk\u00e9ho komplexu Aurora. Zauj\u00edm\u00e1 v\u00fdhodnou polohu p\u0159\u00edmo na jednom z b\u0159eh\u016f rybn\u00edka Sv\u011bt. Ubytov\u00e1n\u00ed tu m\u016f\u017eete spojit s wellness procedurami, l\u00e1ze\u0148sk\u00e9 za\u0159\u00edzen\u00ed je v provozu po cel\u00fd rok.Nejv\u011bt\u0161\u00ed \u010desk\u00fd rybn\u00edk Ro\u017emberk \u2013 T\u0159ebo\u0148sk\u00e1 p\u00e1nev m\u00e1 v\u00fdhodn\u00fd reli\u00e9f ter\u00e9nu pro rekrea\u010dn\u00ed cykloturistiku, vyplat\u00ed se usednout na bicykl a vydat se n\u011bkterou z cyklostezek na pozn\u00e1vac\u00ed okruh t\u00e9to rozhodn\u011b nev\u0161edn\u00ed jiho\u010desk\u00e9 oblasti. Cyklostezka Okolo T\u0159ebon\u011b v\u00e1s zavede k rybn\u00edku V\u00edtek a m\u016f\u017eete ji prodlou\u017eit o v\u00fdlet k hr\u00e1zi rybn\u00edka Ro\u017emberk. T\u011bch cel\u00fdch 800 hektar\u016f vodn\u00ed plochy za to rozhodn\u011b stoj\u00ed. Nenechte si tu uj\u00edt z\u00e1pad, nebo je\u0161t\u011b l\u00e9pe v\u00fdchod Slunce.&#13; Krajina, na jej\u00ed\u017e podob\u011b m\u00e1 nejv\u011bt\u0161\u00ed z\u00e1sluhu rybn\u00edk\u00e1\u0159sk\u00e1 v\u011btev \u0160t\u011bp\u00e1nka Netolick\u00e9ho a Jakuba Kr\u010d\u00edna z Jel\u010dan a Sedl\u010dan, je skute\u010dn\u011b jedine\u010dn\u00e1, s ni\u010d\u00edm podobn\u00fdm se nikde jinde ve sv\u011bt\u011b nesetk\u00e1te, a najdete tu krom\u011b p\u0159\u00edrodn\u00edch kr\u00e1s i tolik pot\u0159ebn\u00fd klid a pohodu. A jestli\u017ee tou\u017e\u00edte po klidn\u00e9 meditaci, proje\u010fte se na kole z Vesel\u00ed nad Lu\u017enic\u00ed po \u010derven\u00e9 zna\u010dce sm\u011brem na Frahel\u017e \u2013 cestou v\u00e1s bude m\u00edjet odlesk slunce na hladin\u011b rybn\u00edk\u016f Nad\u011bje, L\u00e1ska, P\u0159ekvapil, Pot\u011b\u0161il, Dobr\u00e1 V\u016fle a V\u00edra. P\u0159est\u00e1vku na sva\u010dinu si dop\u0159ejte u p\u00edse\u010dn\u00e9ho p\u0159esypu Koz\u00ed vr\u0161ek nebo Slepi\u010d\u00ed vr\u0161ek. Budete si tu p\u0159ipadat opravdu jako v poh\u00e1dce.                                                                                                                                                                                                                                                                                                                                                                                                                                                Jak bude reklama vypadat? -           Kup si reklamu pod t\u00edmto \u010dl\u00e1nkem jen za 50 K\u010d      Zobrazit formul\u00e1\u0159 pro n\u00e1kup                      Odkaz:                     N\u00e1zev:                     Popisek:                    Follow Nofollow                                                     "},{"@context":"https:\/\/schema.org\/","@type":"BreadcrumbList","itemListElement":[{"@type":"ListItem","position":1,"name":"T\u0159ebo\u0148sko \u2013 podmaniv\u00e1 kr\u00e1sa chr\u00e1n\u011bn\u00e9 krajinn\u00e9 oblasti","item":"https:\/\/www.mylifestyle.cz\/trebonsko-podmaniva-krasa-chranene-krajinne-oblasti\/#breadcrumbitem"}]}]