[{"@context":"https:\/\/schema.org\/","@type":"Article","@id":"https:\/\/www.mylifestyle.cz\/zeny-resi-casto-problem-co-na-sebe\/#Article","mainEntityOfPage":"https:\/\/www.mylifestyle.cz\/zeny-resi-casto-problem-co-na-sebe\/","headline":"\u017deny \u0159e\u0161\u00ed \u010dasto probl\u00e9m \u2013 co na sebe?","name":"\u017deny \u0159e\u0161\u00ed \u010dasto probl\u00e9m \u2013 co na sebe?","description":"Je to st\u00e1l\u00fd probl\u00e9m a zn\u00e1 ho t\u00e9m\u011b\u0159 ka\u017ed\u00e1 \u017eena. I kdy\u017e &ndash; z&nbsp;vypr\u00e1v\u011bn\u00ed kamar\u00e1dek sl\u00fdch\u00e1m, \u017ee doba ledov\u00e1 koronavirov\u00e1 jim \u010d\u00e1ste\u010dn\u011b dopomohla k&nbsp;tomu, \u017ee na sebe p\u0159estaly db\u00e1t. Ne sice \u00fapln\u011b, ale hodn\u011b v&nbsp;p\u00e9\u010di o sebe polevily. M\u00f3da sem, m\u00f3da tam. P\u0159estaly nav\u0161t\u011bvovat kade\u0159nice, ostatn\u011b, ani tu mo\u017enost nemaj\u00ed, kdy\u017e jsou kade\u0159nictv\u00ed zav\u0159en\u00e1. Tak [&hellip;]","datePublished":"2021-04-09","dateModified":"2023-04-28","author":{"@type":"Person","@id":"https:\/\/www.mylifestyle.cz\/author\/devene\/#Person","name":"devene","url":"https:\/\/www.mylifestyle.cz\/author\/devene\/","identifier":2,"image":{"@type":"ImageObject","@id":"https:\/\/secure.gravatar.com\/avatar\/f17e51fc588a8d58b22312b5abcc2141?s=96&d=mm&r=g","url":"https:\/\/secure.gravatar.com\/avatar\/f17e51fc588a8d58b22312b5abcc2141?s=96&d=mm&r=g","height":96,"width":96}},"publisher":{"@type":"Organization","name":"mylifestyle.cz","logo":{"@type":"ImageObject","@id":"\/logo.png","url":"\/logo.png","width":600,"height":60}},"url":"https:\/\/www.mylifestyle.cz\/zeny-resi-casto-problem-co-na-sebe\/","about":["M\u00f3da"],"wordCount":535,"articleBody":"Je to st\u00e1l\u00fd probl\u00e9m a zn\u00e1 ho t\u00e9m\u011b\u0159 ka\u017ed\u00e1 \u017eena. I kdy\u017e &ndash; z&nbsp;vypr\u00e1v\u011bn\u00ed kamar\u00e1dek sl\u00fdch\u00e1m, \u017ee doba ledov\u00e1 koronavirov\u00e1 jim \u010d\u00e1ste\u010dn\u011b dopomohla k&nbsp;tomu, \u017ee na sebe p\u0159estaly db\u00e1t. Ne sice \u00fapln\u011b, ale hodn\u011b v&nbsp;p\u00e9\u010di o sebe polevily. M\u00f3da sem, m\u00f3da tam.P\u0159estaly nav\u0161t\u011bvovat kade\u0159nice, ostatn\u011b, ani tu mo\u017enost nemaj\u00ed, kdy\u017e jsou kade\u0159nictv\u00ed zav\u0159en\u00e1. Tak houfn\u011b nakupuj\u00ed barvy na vlasy a vz\u00e1jemn\u011b se nav\u0161t\u011bvuj\u00ed a opl\u00e1cej\u00ed si slu\u017eby &ndash; barven\u00ed vlas\u016f. Ke st\u0159\u00edh\u00e1n\u00ed nemaj\u00ed odvahu, tak zast\u0159ihuj\u00ed alespo\u0148 ofiny.Ke kosmeti\u010dce u\u017e tak\u00e9 p\u0159estaly chodit a ku podivu &ndash; p\u00e1r z&nbsp;nich zjistilo, \u017ee jim to v\u016fbec nechyb\u00ed! O ple\u0165 se p\u0159estaly tak \u0161\u00edlen\u011b starat, proto\u017ee se p\u0159estaly l\u00ed\u010dit, pou\u017e\u00edvat make-upy &ndash; kv\u016fli rou\u0161k\u00e1m a respir\u00e1tor\u016fm, kter\u00fdm to nesv\u011bd\u010dilo. St\u00e1le sund\u00e1valy z&nbsp;obli\u010deje hn\u011bd\u00e9 rou\u0161ky &hellip; tak daly vale make-upu s&nbsp;t\u00edm, \u017ee jsou stejn\u011b schovan\u00e9 za respir\u00e1torem a v&nbsp;pr\u00e1ci stejn\u011b v&nbsp;kancel\u00e1\u0159i sed\u00ed samy, proto\u017ee firma p\u0159istoupila ke st\u0159\u00edd\u00e1n\u00ed sm\u011bn, aby se zam\u011bstnanci nepotk\u00e1vali a zbyte\u010dn\u011b se tak nenakazili virem.Jin\u00e9 maj\u00ed naopak na\u0159\u00edzenou pr\u00e1ci z&nbsp;domova, tak\u017ee s&nbsp;l\u00ed\u010den\u00edm si takt\u00e9\u017e ned\u011blaj\u00ed starost. Odpadlo odli\u0161ov\u00e1n\u00ed, \u010di\u0161t\u011bn\u00ed pleti, vlh\u010den\u00ed, rozjas\u0148ov\u00e1n\u00ed l\u00ed\u010dek, st\u00ednov\u00e1n\u00ed, pou\u017e\u00edv\u00e1n\u00ed \u0159asenek, rt\u011bnek atd. a m\u00e1m p\u00e1r kamar\u00e1dek, kter\u00fdm se ple\u0165 dokonce bez ka\u017edodenn\u00edho l\u00ed\u010den\u00ed i zlep\u0161ila! Pou\u017e\u00edvaj\u00ed jeden kr\u00e9m na obli\u010dej r\u00e1no a ve\u010der a jsou maxim\u00e1ln\u011b spokojen\u00e9! A se p\u0159ed pandemi\u00ed jejich pen\u011b\u017eenky ka\u017ed\u00fd m\u011bs\u00edc zten\u010dily o 1500 K\u010d, kter\u00e9 v\u011bnovaly kosmeti\u010dce! Nyn\u00ed jsou spokojen\u00e9 a je\u0161t\u011b u\u0161et\u0159\u00ed.Co je tr\u00e1p\u00ed, to je v\u011bc, kterou nemohou opomenout, a to pedik\u00fara a manik\u00fara. Tak se ob\u011bma profes\u00edm v\u011bnuj\u00ed sporadicky samy. Nedovedou to sice tak precizn\u011b jako pedik\u00e9rka a manik\u00e9rka, ale n\u011bjak si s&nbsp;t\u00edm poradit musej\u00ed.Ale \u010d\u00edm trp\u00ed &ndash; to nen\u00ed l\u00ed\u010den\u00ed ani nemo\u017enost prob\u011bhnout obchody s&nbsp;kost\u00fdmky, lodi\u010dkami a kabelkami, n\u00fdbr\u017e nemo\u017enost doj\u00edt si na mas\u00e1\u017e a nechat se ope\u010dov\u00e1vat p\u0159\u00edjemn\u00fdmi doteky mas\u00e9ry \u010di mas\u00e9rky. To je jedin\u00e9, co p\u0159iznaly, \u017ee jim v&nbsp;dob\u011b pandemie sch\u00e1z\u00ed. A mas\u00e1\u017e jako takovou prost\u011b nezvl\u00e1dnou, o to v\u00edce se t\u011b\u0161\u00ed na n\u00e1v\u0161t\u011bvu salonu, kde se jim budou op\u011bt v\u011bnovat a ony si budou moci vychutnat tu pohodu a \u00fa\u017easn\u00fd relax, kter\u00fd p\u0159in\u00e1\u0161ej\u00ed relaxa\u010dn\u00ed mas\u00e1\u017ee.                                                                                                                                                                                                                                                                                                                                                                                                                                                Jak bude reklama vypadat? -           Kup si reklamu pod t\u00edmto \u010dl\u00e1nkem jen za 50 K\u010d      Zobrazit formul\u00e1\u0159 pro n\u00e1kup                      Odkaz:                     N\u00e1zev:                     Popisek:                    Follow Nofollow                                                     "},{"@context":"https:\/\/schema.org\/","@type":"BreadcrumbList","itemListElement":[{"@type":"ListItem","position":1,"name":"\u017deny \u0159e\u0161\u00ed \u010dasto probl\u00e9m \u2013 co na sebe?","item":"https:\/\/www.mylifestyle.cz\/zeny-resi-casto-problem-co-na-sebe\/#breadcrumbitem"}]}]